{"id":918,"date":"2020-10-12T12:56:25","date_gmt":"2020-10-12T10:56:25","guid":{"rendered":"http:\/\/florencepuklavec.com\/?p=918"},"modified":"2021-09-22T11:01:27","modified_gmt":"2021-09-22T09:01:27","slug":"de-limportance-de-la-relation-au-port-du-masque-le-nouveau-visage-du-lien-social","status":"publish","type":"post","link":"https:\/\/florencepuklavec.com\/index.php\/2020\/10\/12\/de-limportance-de-la-relation-au-port-du-masque-le-nouveau-visage-du-lien-social\/","title":{"rendered":"De l\u2019importance de la relation au port du masque :  le nouveau visage du lien social"},"content":{"rendered":"<h2>Les interactions sociales&nbsp;: le propre de l&rsquo;Homme<\/h2>\n<p><span style=\"font-weight: 400;\">L\u2019homme se construit par et dans la relation, il est par d\u00e9finition <strong>un \u00eatre social<\/strong>. Relation au premier autre&nbsp;: la m\u00e8re. Cet Autre apporte les soins et&nbsp; la contenance n\u00e9cessaire<\/span><span style=\"font-weight: 400;\">s<\/span> <span style=\"font-weight: 400;\">pour <strong>canaliser<\/strong><\/span><span style=\"font-weight: 400;\"><strong> l\u2019angoisse<\/strong>. Elle rassure, \u00e9treint, cajole.<strong> Son visage constitue le premier miroir de l\u2019enfant<\/strong>,&nbsp; miroir des \u00e9motions, des r\u00e9actions, propre \u00e0 <strong>d\u00e9velopper des interactions<\/strong>.<\/span><\/p>\n<h2>Des rep\u00e8res boulevers\u00e9s ..<\/h2>\n<p><span style=\"font-weight: 400;\">En ces temps de <strong>distance sanitaire et sociale<\/strong> et de <strong>port du masque <\/strong><\/span><span style=\"font-weight: 400;\"><strong>obligatoire<\/strong> dans certains espaces<\/span><span style=\"font-weight: 400;\">, nous sommes <strong>priv\u00e9s de l\u2019authenticit\u00e9 de la relation refl\u00e9t<\/strong><\/span><strong>\u00e9e<\/strong><span style=\"font-weight: 400;\"><strong> par l\u2019expression<\/strong>, de la spontan\u00e9it\u00e9 d\u2019<strong>\u00e9treindre<\/strong> celui qui est triste, de tendre la main \u00e0 celui qui vient de chuter. Cet autre dont l\u2019Homme a besoin pour <\/span><span style=\"font-weight: 400;\">se construire<\/span><span style=\"font-weight: 400;\"> en tant qu\u2019\u00eatre social devient un <strong>masque <\/strong><\/span><strong>impassible<\/strong><span style=\"font-weight: 400;\"><strong> voire une potentielle menace<\/strong> \u00e0 \u00e9viter et dont il faut se prot\u00e9ger.<\/span><\/p>\n<h2>\u2026 Qui m\u00e8nent \u00e0 une distanciation sociale sur tous les plans !<\/h2>\n<p><span style=\"font-weight: 400;\">Ainsi nous allons progressivement apprendre \u00e0 <strong>trouver insupportable la pr\u00e9sence de l\u2019autre<\/strong> qui finalement nous oblige \u00e0 mettre le masque, <strong>masque social, masque sanitaire, masque d\u00e9l\u00e9t\u00e8re pour la relation<\/strong>. L\u2019autre sera <strong>symbole du b\u00e2illon qui s\u2019impose <\/strong><\/span><span style=\"font-weight: 400;\">\u00e0 nous<\/span><span style=\"font-weight: 400;\"> et nous \u00e9courterons les interactions pour s\u2019en lib\u00e9rer et tomber le masque \u00e0 l\u2019abri de cet autre.&nbsp;<\/span><\/p>\n<h2>Le masque&nbsp;: une protection sanitaire qui divise<\/h2>\n<p><span style=\"font-weight: 400;\">L\u2019alt\u00e9rit\u00e9 devient d\u00e9sormais persona non grata&nbsp;; \u00e0 la fois potentielle menace et garant de la <strong>surveillance du citoyen par le citoyen<\/strong>. L\u2019autre se drape ainsi de l\u2019habit du coupable ou du juge.<strong> L\u2019autre n\u2019est plus celui avec&nbsp; qui je compagnonne, j\u2019\u00e9change, je partage<\/strong> et dont je lis sans entrave les expressions de joie, d\u2019\u00e9tonnement, de tristesse ou simplement le sourire. Car<strong> sous le masque s\u2019efface l\u2019\u00e9motion<\/strong> pour ne laisser place qu\u2019\u00e0 la distanciation.<\/span><\/p>\n<p><span style=\"font-weight: 400;\">&nbsp;<\/span><\/p>\n<h2>\u00c9motions et expressions dissimul\u00e9es par le masque&nbsp;: quelles cons\u00e9quences pour la jeune g\u00e9n\u00e9ration&nbsp;?<span style=\"font-weight: 400;\">&nbsp;<\/span><\/h2>\n<p><span style=\"font-weight: 400;\">L\u2019<strong>exp\u00e9rience du visage impassible sur les jeunes enfants<\/strong> d\u00e9montre d\u2019abord l\u2019incompr\u00e9hension, l\u2019agitation et le stress ensuite.&nbsp; Quelle marque l\u2019<strong>effacement visuel des manifestations <\/strong><\/span><strong>\u00e9motionnelles <\/strong><span style=\"font-weight: 400;\">laissera dans le psychisme de la jeune g\u00e9n\u00e9ration&nbsp;? Leur mani\u00e8re de faire soci\u00e9t\u00e9 en sera la r\u00e9v\u00e9lation.<\/span><\/p>\n<h2>Entre peur, respect des consignes sanitaires et vie sociale&nbsp;: \u00e0 chacun sa r\u00e9action face \u00e0 la distanciation sociale&nbsp;?<\/h2>\n<p><span style=\"font-weight: 400;\">Alors que la <strong>proximit\u00e9 devient culpabilisante<\/strong> et se nomme danger, que la peur pousse au retranchement, l<strong>\u2019individualisme<\/strong> frappe \u00e0 la porte <\/span><span style=\"font-weight: 400;\">et <\/span><span style=\"font-weight: 400;\">s\u2019immisce dans les habitudes. Le cercle relationnel se restreint et les libert\u00e9s avec&nbsp;; <\/span><span style=\"font-weight: 400;\">tels un<\/span><span style=\"font-weight: 400;\"> prisonnier s\u2019autorisant lui-m\u00eame en fonction des <strong>barreaux dress\u00e9s par l\u2019angoisse<\/strong>, \u00e0 sortir, entrer en relation, embrasser, toucher, aimer ses proches et vivre tout simplement.<\/span><\/p>\n<h2>Liens sociaux digitalis\u00e9s&nbsp;: un go\u00fbt amer de solitude<\/h2>\n<p><span style=\"font-weight: 400;\">La <strong>virtualisation des \u00e9changes<\/strong> donne l\u2019<strong>illusion de rester en relatio<\/strong>n alors qu\u2019il ne s\u2019agit que de connexion, <\/span><span style=\"font-weight: 400;\">de<\/span><span style=\"font-weight: 400;\"> mots \u00e9chang\u00e9s, <\/span><span style=\"font-weight: 400;\">d&rsquo;<\/span><span style=\"font-weight: 400;\">images pixelis\u00e9es, <\/span><span style=\"font-weight: 400;\">du<\/span><span style=\"font-weight: 400;\"> spectre d\u2019\u00eatre avec qui devient \u00eatre sans, pour nous mettre \u00e0 l\u2019abri <\/span><span style=\"font-weight: 400;\">d&rsquo;une r\u00e9alit\u00e9 imperceptible<\/span><span style=\"font-weight: 400;\">&nbsp;: une potentielle contagion. <strong>Mais combien souffriront bien plus de la solitude que de ce virus&nbsp;? <\/strong><\/span><\/p>\n","protected":false},"excerpt":{"rendered":"<p> [&hellip;]<\/p>\n","protected":false},"author":1,"featured_media":936,"comment_status":"open","ping_status":"open","sticky":false,"template":"","format":"standard","meta":{"_jetpack_memberships_contains_paid_content":false,"footnotes":""},"categories":[82,135,83],"tags":[37,88,136,138,137,141,139,140,142],"class_list":["post-918","post","type-post","status-publish","format-standard","has-post-thumbnail","hentry","category-confinement","category-sujet-de-societe","category-vie-quotidienne","tag-37","tag-confinement","tag-covid","tag-covid-19","tag-covid19","tag-masque","tag-port-du-masque","tag-relation-sociale","tag-relation-sociale-masque","clearfix"],"wppr_data":{"cwp_meta_box_check":"No"},"jetpack_featured_media_url":"https:\/\/florencepuklavec.com\/wp-content\/uploads\/2020\/10\/covid-copie.jpg","jetpack_sharing_enabled":true,"_links":{"self":[{"href":"https:\/\/florencepuklavec.com\/index.php\/wp-json\/wp\/v2\/posts\/918","targetHints":{"allow":["GET"]}}],"collection":[{"href":"https:\/\/florencepuklavec.com\/index.php\/wp-json\/wp\/v2\/posts"}],"about":[{"href":"https:\/\/florencepuklavec.com\/index.php\/wp-json\/wp\/v2\/types\/post"}],"author":[{"embeddable":true,"href":"https:\/\/florencepuklavec.com\/index.php\/wp-json\/wp\/v2\/users\/1"}],"replies":[{"embeddable":true,"href":"https:\/\/florencepuklavec.com\/index.php\/wp-json\/wp\/v2\/comments?post=918"}],"version-history":[{"count":5,"href":"https:\/\/florencepuklavec.com\/index.php\/wp-json\/wp\/v2\/posts\/918\/revisions"}],"predecessor-version":[{"id":938,"href":"https:\/\/florencepuklavec.com\/index.php\/wp-json\/wp\/v2\/posts\/918\/revisions\/938"}],"wp:featuredmedia":[{"embeddable":true,"href":"https:\/\/florencepuklavec.com\/index.php\/wp-json\/wp\/v2\/media\/936"}],"wp:attachment":[{"href":"https:\/\/florencepuklavec.com\/index.php\/wp-json\/wp\/v2\/media?parent=918"}],"wp:term":[{"taxonomy":"category","embeddable":true,"href":"https:\/\/florencepuklavec.com\/index.php\/wp-json\/wp\/v2\/categories?post=918"},{"taxonomy":"post_tag","embeddable":true,"href":"https:\/\/florencepuklavec.com\/index.php\/wp-json\/wp\/v2\/tags?post=918"}],"curies":[{"name":"wp","href":"https:\/\/api.w.org\/{rel}","templated":true}]}}